{"id":28750,"date":"2020-04-26T17:38:09","date_gmt":"2020-04-26T15:38:09","guid":{"rendered":"https:\/\/rebotherm.de\/color-de-calefaccion-con-certificado-tuev\/"},"modified":"2026-02-27T17:08:23","modified_gmt":"2026-02-27T16:08:23","slug":"color-de-calefaccion-con-certificado-tuev","status":"publish","type":"post","link":"https:\/\/rebotherm.de\/es\/color-de-calefaccion-con-certificado-tuev\/","title":{"rendered":"Color de calefacci\u00f3n con certificado T\u00dcV"},"content":{"rendered":"<div class=\"et_d4_element et_pb_section et_pb_section_0  et_pb_css_mix_blend_mode et_section_regular et_block_section\" >\n\t\t\t\t\n\t\t\t\t\n\t\t\t\t\n\t\t\t\t\n\t\t\t\t\n\t\t\t\t\n\t\t\t\t<div class=\"et_d4_element et_pb_row et_pb_row_0  et_pb_css_mix_blend_mode et_block_row\">\n\t\t\t\t<div class=\"et_d4_element et_pb_column_4_4 et_pb_column et_pb_column_0  et_pb_css_mix_blend_mode et-last-child et_block_column\">\n\t\t\t\t\n\t\t\t\t\n\t\t\t\t\n\t\t\t\t\n\t\t\t\t<div class=\"et_pb_module et_d4_element et_pb_text et_pb_text_0  et_pb_text_align_left et_pb_bg_layout_light\">\n\t\t\t\t\n\t\t\t\t\n\t\t\t\t\n\t\t\t\t\n\t\t\t\t<div class=\"et_pb_text_inner\"><h2 class=\"pt-4 category-title\">Calefacci\u00f3n de color con certificado T\u00dcV<\/h2>\n<div class=\"category-description mb-3\">\n<p>El primer color de calefacci\u00f3n con certificaci\u00f3n T\u00dcV ya est\u00e1 en uso. Bas\u00e1ndonos en nuestros muchos a\u00f1os de experiencia con la calefacci\u00f3n de carbono, disponemos de dos <a href=\"https:\/\/rebotherm.de\/heizanstrich-2\/\" target=\"_blank\" rel=\"noopener noreferrer\">colores de calefacci\u00f3n<\/a> para su uso. Se utilizan colores de gama alta con 5 \u00f3 10 ohmios para calefacci\u00f3n por infrarrojos a baja temperatura de gran superficie. Son f\u00e1ciles de aplicar con un rodillo de pintura, tienen una adherencia muy alta a muchos sustratos, una superficie dura y son de baja emisi\u00f3n.<\/p>\n<h3>Colores de calefacci\u00f3n probados por <strong>T\u00dcV-S\u00fcd <\/strong>y certificados en 2019.<\/h3>\n<p>Con nuestro innovador revestimiento calefactor, es posible realizar superficies calefactoras muy grandes. La mayor superficie calefactora hasta la fecha con s\u00f3lo 2 regletas es de 28 m\u00b2, divididos en 215 cm de ancho y 1304 cm de largo o 304 cm x 922 cm. La potencia calor\u00edfica de estas superficies es de 1400 vatios. Esto abre nuevas dimensiones en la calefacci\u00f3n, porque cuanto mayor sea la superficie de calentamiento, \u00a1m\u00e1s eficaz y econ\u00f3mico ser\u00e1 el funcionamiento del calentador de infrarrojos! Nuestro sistema de calefacci\u00f3n de color consta de varios componentes, como el color, la unidad de control y los accesorios. Puedes encontrar m\u00e1s informaci\u00f3n sobre la calefacci\u00f3n por infrarrojos con revestimiento calefactor <a href=\"https:\/\/rebotherm.com\" target=\"_blank\" rel=\"noopener noreferrer\">aqu\u00ed<\/a><\/p>\n<p>&nbsp;<\/p>\n<p>&nbsp;<\/p>\n<\/div><\/div>\n\t\t\t<\/div>\n\t\t\t<\/div>\n\t\t\t\t\n\t\t\t\t\n\t\t\t\t\n\t\t\t\t\n\t\t\t<\/div>\n\t\t\t\t\n\t\t\t\t\n\t\t\t<\/div>\n","protected":false},"excerpt":{"rendered":"","protected":false},"author":1,"featured_media":28789,"comment_status":"closed","ping_status":"open","sticky":false,"template":"","format":"standard","meta":{"_acf_changed":false,"_et_pb_use_builder":"on","_et_pb_old_content":"","_et_gb_content_width":"","footnotes":""},"categories":[120],"tags":[131,132],"class_list":["post-28750","post","type-post","status-publish","format-standard","has-post-thumbnail","hentry","category-color-de-la-calefaccion","tag-certificado-de-color-de-la-calefaccion","tag-revestimiento-calefactor-de-carbono"],"acf":[],"_links":{"self":[{"href":"https:\/\/rebotherm.de\/es\/wp-json\/wp\/v2\/posts\/28750","targetHints":{"allow":["GET"]}}],"collection":[{"href":"https:\/\/rebotherm.de\/es\/wp-json\/wp\/v2\/posts"}],"about":[{"href":"https:\/\/rebotherm.de\/es\/wp-json\/wp\/v2\/types\/post"}],"author":[{"embeddable":true,"href":"https:\/\/rebotherm.de\/es\/wp-json\/wp\/v2\/users\/1"}],"replies":[{"embeddable":true,"href":"https:\/\/rebotherm.de\/es\/wp-json\/wp\/v2\/comments?post=28750"}],"version-history":[{"count":0,"href":"https:\/\/rebotherm.de\/es\/wp-json\/wp\/v2\/posts\/28750\/revisions"}],"wp:featuredmedia":[{"embeddable":true,"href":"https:\/\/rebotherm.de\/es\/wp-json\/wp\/v2\/media\/28789"}],"wp:attachment":[{"href":"https:\/\/rebotherm.de\/es\/wp-json\/wp\/v2\/media?parent=28750"}],"wp:term":[{"taxonomy":"category","embeddable":true,"href":"https:\/\/rebotherm.de\/es\/wp-json\/wp\/v2\/categories?post=28750"},{"taxonomy":"post_tag","embeddable":true,"href":"https:\/\/rebotherm.de\/es\/wp-json\/wp\/v2\/tags?post=28750"}],"curies":[{"name":"wp","href":"https:\/\/api.w.org\/{rel}","templated":true}]}}