{"id":28832,"date":"2020-10-17T15:35:30","date_gmt":"2020-10-17T13:35:30","guid":{"rendered":"https:\/\/rebotherm.de\/renovacion-con-aislamiento\/"},"modified":"2026-02-27T17:09:49","modified_gmt":"2026-02-27T16:09:49","slug":"renovacion-con-aislamiento","status":"publish","type":"post","link":"https:\/\/rebotherm.de\/es\/renovacion-con-aislamiento\/","title":{"rendered":"Renovaci\u00f3n con aislamiento"},"content":{"rendered":"<div class=\"et_pb_with_border et_d4_element et_pb_section et_pb_section_0  et_pb_css_mix_blend_mode et_section_regular et_block_section\" >\n\t\t\t\t\n\t\t\t\t\n\t\t\t\t\n\t\t\t\t\n\t\t\t\t\n\t\t\t\t\n\t\t\t\t<div class=\"et_d4_element et_pb_row et_pb_row_0  et_pb_css_mix_blend_mode et_block_row\">\n\t\t\t\t<div class=\"et_d4_element et_pb_column_4_4 et_pb_column et_pb_column_0  et_pb_css_mix_blend_mode et-last-child et_block_column\">\n\t\t\t\t\n\t\t\t\t\n\t\t\t\t\n\t\t\t\t\n\t\t\t\t<div class=\"et_pb_module et_d4_element et_pb_text et_pb_text_0  et_pb_text_align_left et_pb_bg_layout_light\">\n\t\t\t\t\n\t\t\t\t\n\t\t\t\t\n\t\t\t\t\n\t\t\t\t<div class=\"et_pb_text_inner\"><p>La renovaci\u00f3n con aislamiento explicada de forma sencilla.<\/p>\n<p>Ha llegado la inc\u00f3moda estaci\u00f3n de las bajas temperaturas, la lluvia y los largos periodos de oscuridad. \u00bfA qui\u00e9n no le apetece tener un hogar acogedor y, sobre todo, <strong>c\u00e1lido <\/strong>? Pero, por desgracia, el confort no es especialmente bueno, sobre todo en las casas m\u00e1s antiguas y mal aisladas. Las paredes exteriores fr\u00edas transmiten una desagradable radiaci\u00f3n de fr\u00edo a toda la habitaci\u00f3n y resulta inc\u00f3modo. No s\u00f3lo es inc\u00f3modo con esta radiaci\u00f3n fr\u00eda, sino que adem\u00e1s el riesgo de que se forme moho en las superficies o en las esquinas es muy alto. Y el moho no s\u00f3lo es desagradable, \u00a1tambi\u00e9n puede ser perjudicial para la salud!<\/p>\n<h3>\u00bfQu\u00e9 puedo hacer al respecto?<\/h3>\n<p style=\"text-align: left;\">Estar\u00eda bien que reequipar el aislamiento fuera tan f\u00e1cil como empapelar la pared. Crees que es imposible.<br \/>Con nuestra placa aislante Superwall de 10 mm de grosor y unas dimensiones de 125 cm x 80 cm, \u00a1aislar es muy f\u00e1cil! El panel tiene un n\u00facleo aislante de PU laminado por ambas caras con una fina capa de aluminio y cart\u00f3n polar de alta calidad. La l\u00e1mina de aluminio integrada act\u00faa como barrera de vapor e impide que se forme humedad entre el panel y la pared. La conductividad t\u00e9rmica es de 0,22 W\/mK.<\/p>\n<h3>\u00bfC\u00f3mo funciona la renovaci\u00f3n con aislamiento?<\/h3>\n<p>Al renovar con aislamiento, la <a href=\"https:\/\/rebotherm.de\/innendaemmung\/\" target=\"_blank\" rel=\"noopener noreferrer\"><br \/>\n  <b>placa aislante interior<\/b><br \/>\n<\/a> se pega a la <strong>pared<\/strong> o al <strong>techo<\/strong> y s\u00f3lo se rellenan los bordes biselados. Como las superficies del aislamiento Superwall son de cart\u00f3n no tejido listo para pintar, la superficie se puede pintar inmediatamente con el color deseado o se puede utilizar cualquier papel pintado que se desee. El tablero tambi\u00e9n es adecuado para pegar baldosas.<\/p>\n<p>Otra caracter\u00edstica especial es el alto efecto aislante de la Superpared, que s\u00f3lo tiene entre 10 y 20 mm de grosor. La p\u00e9rdida de calor se reduce hasta un 40% con una p\u00e9rdida de espacio de s\u00f3lo 10 mm. \u00a1La barrera de vapor integrada a ambos lados del panel evita la formaci\u00f3n de moho!<\/p>\n<p>Comienza tu renovaci\u00f3n con Superwall y experimenta el nuevo confort! <a href=\"https:\/\/rebotherm.com\/produkt\/superwall\/\" target=\"_blank\" rel=\"noopener noreferrer\">a la tienda<\/a><\/p><\/div>\n\t\t\t<\/div>\n\t\t\t<\/div>\n\t\t\t\t\n\t\t\t\t\n\t\t\t\t\n\t\t\t\t\n\t\t\t<\/div>\n\t\t\t\t\n\t\t\t\t\n\t\t\t<\/div>\n","protected":false},"excerpt":{"rendered":"","protected":false},"author":1,"featured_media":28850,"comment_status":"open","ping_status":"open","sticky":false,"template":"","format":"standard","meta":{"_acf_changed":false,"_et_pb_use_builder":"on","_et_pb_old_content":"","_et_gb_content_width":"","footnotes":""},"categories":[133],"tags":[148,149,146,151,150,147],"class_list":["post-28832","post","type-post","status-publish","format-standard","has-post-thumbnail","hentry","category-aislamiento","tag-aislamiento-interior","tag-barrera-de-vapor","tag-placa-aislante","tag-placas-aislantes-interiores","tag-renovacion","tag-superpared"],"acf":[],"_links":{"self":[{"href":"https:\/\/rebotherm.de\/es\/wp-json\/wp\/v2\/posts\/28832","targetHints":{"allow":["GET"]}}],"collection":[{"href":"https:\/\/rebotherm.de\/es\/wp-json\/wp\/v2\/posts"}],"about":[{"href":"https:\/\/rebotherm.de\/es\/wp-json\/wp\/v2\/types\/post"}],"author":[{"embeddable":true,"href":"https:\/\/rebotherm.de\/es\/wp-json\/wp\/v2\/users\/1"}],"replies":[{"embeddable":true,"href":"https:\/\/rebotherm.de\/es\/wp-json\/wp\/v2\/comments?post=28832"}],"version-history":[{"count":0,"href":"https:\/\/rebotherm.de\/es\/wp-json\/wp\/v2\/posts\/28832\/revisions"}],"wp:featuredmedia":[{"embeddable":true,"href":"https:\/\/rebotherm.de\/es\/wp-json\/wp\/v2\/media\/28850"}],"wp:attachment":[{"href":"https:\/\/rebotherm.de\/es\/wp-json\/wp\/v2\/media?parent=28832"}],"wp:term":[{"taxonomy":"category","embeddable":true,"href":"https:\/\/rebotherm.de\/es\/wp-json\/wp\/v2\/categories?post=28832"},{"taxonomy":"post_tag","embeddable":true,"href":"https:\/\/rebotherm.de\/es\/wp-json\/wp\/v2\/tags?post=28832"}],"curies":[{"name":"wp","href":"https:\/\/api.w.org\/{rel}","templated":true}]}}